{"id":8785,"date":"2025-12-14T08:03:50","date_gmt":"2025-12-14T07:03:50","guid":{"rendered":"https:\/\/stpere-opportune.fr\/?p=8785"},"modified":"2026-01-15T14:59:29","modified_gmt":"2026-01-15T13:59:29","slug":"nettoyons-la-nature-2","status":"publish","type":"post","link":"https:\/\/stpere-opportune.fr\/?p=8785","title":{"rendered":"Nettoyons la nature"},"content":{"rendered":"<p>Le vendredi 26 septembre, les \u00e9l\u00e8ves de CP, CM1\/CM2 et de CM2 ont particip\u00e9 \u00e0 l&#8217;op\u00e9ration &#8220;Nettoyons la nature&#8221;.<\/p>\n<p>Une premi\u00e8re approche de la notion de tri et de protection de l&#8217;environnement a \u00e9t\u00e9 faite en classe. Puis, apr\u00e8s avoir ramass\u00e9 les d\u00e9chets autour de l&#8217;\u00e9cole, sur le chemin des \u00e9coliers et aux abords des Ilettes et du Grand Fay les \u00e9l\u00e8ves ont mis en pratique ce qu&#8217;ils ont appris. Les CP sont all\u00e9s d\u00e9poser les d\u00e9chets dans les containeurs correspondants et ont visionn\u00e9 des vid\u00e9os et \u00e9chang\u00e9 sur le recyclage.<\/p>\nngg_shortcode_0_placeholder\n","protected":false},"excerpt":{"rendered":"<p>Le vendredi 26 septembre, les \u00e9l\u00e8ves de CP, CM1\/CM2 et de CM2 ont particip\u00e9 \u00e0 l&#8217;op\u00e9ration &#8220;Nettoyons la nature&#8221;. Une premi\u00e8re approche de la notion de tri et de protection&hellip; <br \/> <a class=\"read-more\" href=\"https:\/\/stpere-opportune.fr\/?p=8785\">Lire la suite<\/a><\/p>\n","protected":false},"author":10,"featured_media":8795,"comment_status":"closed","ping_status":"closed","sticky":false,"template":"","format":"standard","meta":{"ngg_post_thumbnail":0,"footnotes":""},"categories":[11],"tags":[],"class_list":["post-8785","post","type-post","status-publish","format-standard","has-post-thumbnail","hentry","category-cp"],"_links":{"self":[{"href":"https:\/\/stpere-opportune.fr\/index.php?rest_route=\/wp\/v2\/posts\/8785","targetHints":{"allow":["GET"]}}],"collection":[{"href":"https:\/\/stpere-opportune.fr\/index.php?rest_route=\/wp\/v2\/posts"}],"about":[{"href":"https:\/\/stpere-opportune.fr\/index.php?rest_route=\/wp\/v2\/types\/post"}],"author":[{"embeddable":true,"href":"https:\/\/stpere-opportune.fr\/index.php?rest_route=\/wp\/v2\/users\/10"}],"replies":[{"embeddable":true,"href":"https:\/\/stpere-opportune.fr\/index.php?rest_route=%2Fwp%2Fv2%2Fcomments&post=8785"}],"version-history":[{"count":1,"href":"https:\/\/stpere-opportune.fr\/index.php?rest_route=\/wp\/v2\/posts\/8785\/revisions"}],"predecessor-version":[{"id":8796,"href":"https:\/\/stpere-opportune.fr\/index.php?rest_route=\/wp\/v2\/posts\/8785\/revisions\/8796"}],"wp:featuredmedia":[{"embeddable":true,"href":"https:\/\/stpere-opportune.fr\/index.php?rest_route=\/wp\/v2\/media\/8795"}],"wp:attachment":[{"href":"https:\/\/stpere-opportune.fr\/index.php?rest_route=%2Fwp%2Fv2%2Fmedia&parent=8785"}],"wp:term":[{"taxonomy":"category","embeddable":true,"href":"https:\/\/stpere-opportune.fr\/index.php?rest_route=%2Fwp%2Fv2%2Fcategories&post=8785"},{"taxonomy":"post_tag","embeddable":true,"href":"https:\/\/stpere-opportune.fr\/index.php?rest_route=%2Fwp%2Fv2%2Ftags&post=8785"}],"curies":[{"name":"wp","href":"https:\/\/api.w.org\/{rel}","templated":true}]}}