{"id":8685,"date":"2025-06-13T10:22:02","date_gmt":"2025-06-13T09:22:02","guid":{"rendered":"https:\/\/stpere-opportune.fr\/?p=8685"},"modified":"2025-06-13T10:22:02","modified_gmt":"2025-06-13T09:22:02","slug":"assemblee-decole-3","status":"publish","type":"post","link":"https:\/\/stpere-opportune.fr\/?p=8685","title":{"rendered":"Assembl\u00e9e d&#8217;\u00e9cole"},"content":{"rendered":"<p>Lundi 19 mai, les \u00e9l\u00e8ves de l&#8217;\u00e9cole se sont rassembl\u00e9s aux salles annexes pour partager avec leurs camarades des chants, des sorties &#8230;<\/p>\n<p>Seule la classe de GS \u00e9tait absente pour vivre leur sortie scolaire \u00e0 l&#8217;aquarium du Croisic.<\/p>\n<p>Voici ce que les diff\u00e9rentes classes ont partag\u00e9 :<\/p>\n<p>PS et MS : les plus jeunes ont interpr\u00e9t\u00e9 une comptine &#8220;la graine du tournesol&#8221;.<\/p>\n<p>CP et CP\/CE1 : les \u00e9l\u00e8ves ont montr\u00e9 comment r\u00e9aliser des fleurs \u00e0 la mani\u00e8re de Takashi Murakami et ils ont interpr\u00e9t\u00e9 leur chant des Enfantastiques&#8221; La vie c&#8217;est comme un jardin&#8221;.<\/p>\n<div style=\"width: 1920px;\" class=\"wp-video\"><!--[if lt IE 9]><script>document.createElement('video');<\/script><![endif]-->\n<video class=\"wp-video-shortcode\" id=\"video-8685-1\" width=\"1920\" height=\"1080\" preload=\"metadata\" controls=\"controls\"><source type=\"video\/mp4\" src=\"https:\/\/stpere-opportune.fr\/wp-content\/uploads\/2025\/06\/20250519_100602.mp4?_=1\" \/><a href=\"https:\/\/stpere-opportune.fr\/wp-content\/uploads\/2025\/06\/20250519_100602.mp4\">https:\/\/stpere-opportune.fr\/wp-content\/uploads\/2025\/06\/20250519_100602.mp4<\/a><\/video><\/div>\n<p>&nbsp;<\/p>\n<p>Les CP et CE1\/CE2 ont racont\u00e9 leur sortie en for\u00eat et \u00e0 la mer effectu\u00e9e le 6 mai.<\/p>\n<p>CE2\/CM1 : les \u00e9l\u00e8ves ont pr\u00e9sent\u00e9 diff\u00e9rentes r\u00e9alisations artistiques ainsi que leur magnifique affiche avec laquelle ils ont remport\u00e9 le prix des auteurs et le prix du public dans le cadre du salon de la litt\u00e9rature de jeunesse de St Brevin.<\/p>\n<p>CM1\/CM2 : toute la classe a r\u00e9alis\u00e9 la pr\u00e9sentation d&#8217;un livre de leur choix sur une boite de c\u00e9r\u00e9ales. Quelques \u00e9l\u00e8ves ont pr\u00e9sent\u00e9 leur r\u00e9alisation.<\/p>\n<p>Tous les \u00e9l\u00e8ves de CM2 ont d\u00e9crit leur s\u00e9jour au Mont St Michel les 6 et 7 mai.<\/p>\n<p>&nbsp;<\/p>\nngg_shortcode_0_placeholder\n","protected":false},"excerpt":{"rendered":"<p>Lundi 19 mai, les \u00e9l\u00e8ves de l&#8217;\u00e9cole se sont rassembl\u00e9s aux salles annexes pour partager avec leurs camarades des chants, des sorties &#8230; Seule la classe de GS \u00e9tait absente&hellip; <br \/> <a class=\"read-more\" href=\"https:\/\/stpere-opportune.fr\/?p=8685\">Lire la suite<\/a><\/p>\n","protected":false},"author":12,"featured_media":8694,"comment_status":"closed","ping_status":"closed","sticky":false,"template":"","format":"standard","meta":{"ngg_post_thumbnail":0,"footnotes":""},"categories":[12,13,5,6,4,11,7,30,10,1,31,8],"tags":[],"class_list":["post-8685","post","type-post","status-publish","format-standard","has-post-thumbnail","hentry","category-ce1","category-ce2","category-ce2-2","category-cm1cm2","category-cm2","category-cp","category-gs","category-maternelle","category-ms","category-non-classe","category-primaire","category-ps"],"_links":{"self":[{"href":"https:\/\/stpere-opportune.fr\/index.php?rest_route=\/wp\/v2\/posts\/8685","targetHints":{"allow":["GET"]}}],"collection":[{"href":"https:\/\/stpere-opportune.fr\/index.php?rest_route=\/wp\/v2\/posts"}],"about":[{"href":"https:\/\/stpere-opportune.fr\/index.php?rest_route=\/wp\/v2\/types\/post"}],"author":[{"embeddable":true,"href":"https:\/\/stpere-opportune.fr\/index.php?rest_route=\/wp\/v2\/users\/12"}],"replies":[{"embeddable":true,"href":"https:\/\/stpere-opportune.fr\/index.php?rest_route=%2Fwp%2Fv2%2Fcomments&post=8685"}],"version-history":[{"count":5,"href":"https:\/\/stpere-opportune.fr\/index.php?rest_route=\/wp\/v2\/posts\/8685\/revisions"}],"predecessor-version":[{"id":8695,"href":"https:\/\/stpere-opportune.fr\/index.php?rest_route=\/wp\/v2\/posts\/8685\/revisions\/8695"}],"wp:featuredmedia":[{"embeddable":true,"href":"https:\/\/stpere-opportune.fr\/index.php?rest_route=\/wp\/v2\/media\/8694"}],"wp:attachment":[{"href":"https:\/\/stpere-opportune.fr\/index.php?rest_route=%2Fwp%2Fv2%2Fmedia&parent=8685"}],"wp:term":[{"taxonomy":"category","embeddable":true,"href":"https:\/\/stpere-opportune.fr\/index.php?rest_route=%2Fwp%2Fv2%2Fcategories&post=8685"},{"taxonomy":"post_tag","embeddable":true,"href":"https:\/\/stpere-opportune.fr\/index.php?rest_route=%2Fwp%2Fv2%2Ftags&post=8685"}],"curies":[{"name":"wp","href":"https:\/\/api.w.org\/{rel}","templated":true}]}}